{"id":1109,"date":"2022-09-14T18:43:51","date_gmt":"2022-09-14T16:43:51","guid":{"rendered":"https:\/\/hckadan.cz\/?p=1109"},"modified":"2022-09-26T18:27:12","modified_gmt":"2022-09-26T16:27:12","slug":"i-liga-odstartovala-kadan-smolne-padla-v-liticich","status":"publish","type":"post","link":"https:\/\/hckadan.cz\/index.php\/2022\/09\/14\/i-liga-odstartovala-kadan-smolne-padla-v-liticich\/","title":{"rendered":"I. liga odstartovala, Kada\u0148 smoln\u011b padla v Litic\u00edch"},"content":{"rendered":"\n<p>O v\u00edkendu odstartovala I. liga mu\u017e\u016f a v jej\u00edm zahajovac\u00edm kole zv\u00edt\u011bzily v\u0161echny dom\u00e1c\u00ed t\u00fdmy. Loni druh\u00e1 Kada\u0148 zav\u00edtala na horkou p\u016fdu do Litic a s druh\u00fdm t\u00fdmem tamn\u00edho klubu prohr\u00e1la smoln\u011b 1:2 g\u00f3lem v z\u00e1v\u011bru utk\u00e1n\u00ed. Kada\u0148\u0161t\u00ed pozemk\u00e1\u0159i m\u011bli spoustu g\u00f3lov\u00fdch p\u0159\u00edle\u017eitost\u00ed, jenom\u017ee branka plze\u0148sk\u00e9ho celku jakoby byla zaklet\u00e1. Na dom\u00e1c\u00edm h\u0159i\u0161ti byla v souboji se \u0160enkvicemi \u00fasp\u011b\u0161n\u00e1 Hostiva\u0159 B (3:2) i Bolevec, kter\u00fd pro zm\u011bnu hostil Sl\u00e1vii B. (3:2). Druh\u00e1 nejvy\u0161\u0161\u00ed sout\u011b\u017e v \u010cR tak z\u0159ejm\u011b bude i letos hodn\u011b vyrovnan\u00e1. <\/p>\n\n\n\n<p>V\u00fdsledky I. kola I. ligy mu\u017e\u016f: <\/p>\n\n\n\n<p><strong>TJ Plze\u0148-Litice B<\/strong> &#8211; HC Kada\u0148 <strong>2:1<\/strong> (1:1)<\/p>\n\n\n\n<p><strong>HC Hostiva\u0159 B<\/strong> &#8211; \u0160K \u0160enkvice<strong> 3:2 <\/strong>(3:1)<\/p>\n\n\n\n<p><strong>HC Bolevec<\/strong> &#8211; Slavia Praha B  <strong>3:2<\/strong> (2:1)<\/p>\n\n\n\n<figure class=\"wp-block-image size-large is-resized\"><img loading=\"lazy\" decoding=\"async\" src=\"https:\/\/hckadan.cz\/wp-content\/uploads\/2022\/09\/20220910_131203-1024x546.jpg\" alt=\"\" class=\"wp-image-1128\" width=\"840\" height=\"447\" srcset=\"https:\/\/hckadan.cz\/wp-content\/uploads\/2022\/09\/20220910_131203-1024x546.jpg 1024w, https:\/\/hckadan.cz\/wp-content\/uploads\/2022\/09\/20220910_131203-300x160.jpg 300w, https:\/\/hckadan.cz\/wp-content\/uploads\/2022\/09\/20220910_131203-768x409.jpg 768w, https:\/\/hckadan.cz\/wp-content\/uploads\/2022\/09\/20220910_131203-1536x818.jpg 1536w, https:\/\/hckadan.cz\/wp-content\/uploads\/2022\/09\/20220910_131203-2048x1091.jpg 2048w, https:\/\/hckadan.cz\/wp-content\/uploads\/2022\/09\/20220910_131203-128x68.jpg 128w, https:\/\/hckadan.cz\/wp-content\/uploads\/2022\/09\/20220910_131203-32x17.jpg 32w\" sizes=\"auto, (max-width: 840px) 100vw, 840px\" \/><figcaption>Litice B &#8211; Kada\u0148<\/figcaption><\/figure>\n","protected":false},"excerpt":{"rendered":"<p>O v\u00edkendu odstartovala I. liga mu\u017e\u016f a v jej\u00edm zahajovac\u00edm kole zv\u00edt\u011bzily v\u0161echny dom\u00e1c\u00ed t\u00fdmy. [&hellip;]<\/p>\n","protected":false},"author":1,"featured_media":0,"comment_status":"open","ping_status":"open","sticky":false,"template":"","format":"standard","meta":{"ngg_post_thumbnail":0,"footnotes":""},"categories":[1],"tags":[],"class_list":["post-1109","post","type-post","status-publish","format-standard","hentry","category-uncategorized"],"_links":{"self":[{"href":"https:\/\/hckadan.cz\/index.php\/wp-json\/wp\/v2\/posts\/1109","targetHints":{"allow":["GET"]}}],"collection":[{"href":"https:\/\/hckadan.cz\/index.php\/wp-json\/wp\/v2\/posts"}],"about":[{"href":"https:\/\/hckadan.cz\/index.php\/wp-json\/wp\/v2\/types\/post"}],"author":[{"embeddable":true,"href":"https:\/\/hckadan.cz\/index.php\/wp-json\/wp\/v2\/users\/1"}],"replies":[{"embeddable":true,"href":"https:\/\/hckadan.cz\/index.php\/wp-json\/wp\/v2\/comments?post=1109"}],"version-history":[{"count":5,"href":"https:\/\/hckadan.cz\/index.php\/wp-json\/wp\/v2\/posts\/1109\/revisions"}],"predecessor-version":[{"id":1129,"href":"https:\/\/hckadan.cz\/index.php\/wp-json\/wp\/v2\/posts\/1109\/revisions\/1129"}],"wp:attachment":[{"href":"https:\/\/hckadan.cz\/index.php\/wp-json\/wp\/v2\/media?parent=1109"}],"wp:term":[{"taxonomy":"category","embeddable":true,"href":"https:\/\/hckadan.cz\/index.php\/wp-json\/wp\/v2\/categories?post=1109"},{"taxonomy":"post_tag","embeddable":true,"href":"https:\/\/hckadan.cz\/index.php\/wp-json\/wp\/v2\/tags?post=1109"}],"curies":[{"name":"wp","href":"https:\/\/api.w.org\/{rel}","templated":true}]}}