{"id":1140,"date":"2022-10-03T19:24:44","date_gmt":"2022-10-03T17:24:44","guid":{"rendered":"https:\/\/hckadan.cz\/?p=1140"},"modified":"2022-10-03T19:25:21","modified_gmt":"2022-10-03T17:25:21","slug":"sasa-zachranil-na-slavii-bod","status":"publish","type":"post","link":"https:\/\/hckadan.cz\/index.php\/2022\/10\/03\/sasa-zachranil-na-slavii-bod\/","title":{"rendered":"&#8220;Sa\u0161a&#8221; zachr\u00e1nil na Slavii bod"},"content":{"rendered":"\n<p>Na\u0161i pozemk\u00e1\u0159i neprohr\u00e1li ani ve t\u0159et\u00edm z\u00e1pase v \u0159ad\u011b a i kdy\u017e m\u011bli v Edenu na m\u00e1le, dok\u00e1zali p\u0159iv\u00e9zt bod za rem\u00edzu 2:2. Utk\u00e1n\u00ed na p\u016fd\u011b rezervn\u00edho t\u00fdmu pra\u017esk\u00e9 Slavie se nevyv\u00edjelo dob\u0159e a Kada\u0148 postupn\u011b prohr\u00e1vala u\u017e o dva g\u00f3ly. D\u00edky prom\u011bn\u011bn\u00e9 penalt\u011b Zde\u0148ka Kruli\u0161e se v\u0161ak vr\u00e1tila do z\u00e1pasu a dv\u011b minuty p\u0159ed koncem srovnala na kone\u010dn\u00fdch 2:2 prost\u0159ednictv\u00edm hraj\u00edc\u00edho tren\u00e9ra Alexandra T\u00f3tha. <\/p>\n\n\n\n<p>O v\u00edkendu se hr\u00e1la jen dv\u011b utk\u00e1n\u00ed \u010dtvrt\u00e9ho kola. V Litic\u00edch na sebe narazili prvn\u00ed s druh\u00fdm a z v\u00fdhry 3:1 se radovala Hostiva\u0159 B, \u010d\u00edm\u017e se z\u00e1rove\u0148 vyhoupla do \u010dela cel\u00e9 sout\u011b\u017ee.<\/p>\n\n\n\n<p>V\u00fdsledky 4. kola I. ligy mu\u017e\u016f:<\/p>\n\n\n\n<p>Slavia Praha B&nbsp;\u2013&nbsp;HC Kada\u0148&nbsp;2:2&nbsp;(2:0)<\/p>\n\n\n\n<p>TJ Plze\u0148-Litice B&nbsp;\u2013 <strong>HC Hostiva\u0159&nbsp;1:3&nbsp;<\/strong>(1:2)<\/p>\n\n\n\n<figure class=\"wp-block-image size-large is-resized\"><img loading=\"lazy\" decoding=\"async\" src=\"https:\/\/hckadan.cz\/wp-content\/uploads\/2022\/10\/20221001_131847-1024x768.jpg\" alt=\"\" class=\"wp-image-1142\" width=\"498\" height=\"374\" srcset=\"https:\/\/hckadan.cz\/wp-content\/uploads\/2022\/10\/20221001_131847-1024x768.jpg 1024w, https:\/\/hckadan.cz\/wp-content\/uploads\/2022\/10\/20221001_131847-300x225.jpg 300w, https:\/\/hckadan.cz\/wp-content\/uploads\/2022\/10\/20221001_131847-768x576.jpg 768w, https:\/\/hckadan.cz\/wp-content\/uploads\/2022\/10\/20221001_131847-128x96.jpg 128w, https:\/\/hckadan.cz\/wp-content\/uploads\/2022\/10\/20221001_131847-32x24.jpg 32w\" sizes=\"auto, (max-width: 498px) 100vw, 498px\" \/><figcaption>Eden &#8211; kr\u00e1tk\u00e1 p\u0159est\u00e1vka mezi \u010dtvrtinami<\/figcaption><\/figure>\n","protected":false},"excerpt":{"rendered":"<p>Na\u0161i pozemk\u00e1\u0159i neprohr\u00e1li ani ve t\u0159et\u00edm z\u00e1pase v \u0159ad\u011b a i kdy\u017e m\u011bli v Edenu [&hellip;]<\/p>\n","protected":false},"author":1,"featured_media":0,"comment_status":"open","ping_status":"open","sticky":false,"template":"","format":"standard","meta":{"ngg_post_thumbnail":0,"footnotes":""},"categories":[1],"tags":[],"class_list":["post-1140","post","type-post","status-publish","format-standard","hentry","category-uncategorized"],"_links":{"self":[{"href":"https:\/\/hckadan.cz\/index.php\/wp-json\/wp\/v2\/posts\/1140","targetHints":{"allow":["GET"]}}],"collection":[{"href":"https:\/\/hckadan.cz\/index.php\/wp-json\/wp\/v2\/posts"}],"about":[{"href":"https:\/\/hckadan.cz\/index.php\/wp-json\/wp\/v2\/types\/post"}],"author":[{"embeddable":true,"href":"https:\/\/hckadan.cz\/index.php\/wp-json\/wp\/v2\/users\/1"}],"replies":[{"embeddable":true,"href":"https:\/\/hckadan.cz\/index.php\/wp-json\/wp\/v2\/comments?post=1140"}],"version-history":[{"count":2,"href":"https:\/\/hckadan.cz\/index.php\/wp-json\/wp\/v2\/posts\/1140\/revisions"}],"predecessor-version":[{"id":1144,"href":"https:\/\/hckadan.cz\/index.php\/wp-json\/wp\/v2\/posts\/1140\/revisions\/1144"}],"wp:attachment":[{"href":"https:\/\/hckadan.cz\/index.php\/wp-json\/wp\/v2\/media?parent=1140"}],"wp:term":[{"taxonomy":"category","embeddable":true,"href":"https:\/\/hckadan.cz\/index.php\/wp-json\/wp\/v2\/categories?post=1140"},{"taxonomy":"post_tag","embeddable":true,"href":"https:\/\/hckadan.cz\/index.php\/wp-json\/wp\/v2\/tags?post=1140"}],"curies":[{"name":"wp","href":"https:\/\/api.w.org\/{rel}","templated":true}]}}