{"id":1927,"date":"2025-03-27T15:27:06","date_gmt":"2025-03-27T14:27:06","guid":{"rendered":"https:\/\/hckadan.cz\/?p=1927"},"modified":"2025-03-27T15:27:06","modified_gmt":"2025-03-27T14:27:06","slug":"jaro-odstartovalo-zapasem-muzu","status":"publish","type":"post","link":"https:\/\/hckadan.cz\/index.php\/2025\/03\/27\/jaro-odstartovalo-zapasem-muzu\/","title":{"rendered":"Jaro odstartovalo z\u00e1pasem mu\u017e\u016f"},"content":{"rendered":"\n<figure class=\"wp-block-image size-large\"><img loading=\"lazy\" decoding=\"async\" width=\"681\" height=\"1024\" src=\"https:\/\/hckadan.cz\/wp-content\/uploads\/2025\/03\/486618317_1189297462989091_7218778873063647506_n-681x1024.jpg\" alt=\"\" class=\"wp-image-1928\" srcset=\"https:\/\/hckadan.cz\/wp-content\/uploads\/2025\/03\/486618317_1189297462989091_7218778873063647506_n-681x1024.jpg 681w, https:\/\/hckadan.cz\/wp-content\/uploads\/2025\/03\/486618317_1189297462989091_7218778873063647506_n-200x300.jpg 200w, https:\/\/hckadan.cz\/wp-content\/uploads\/2025\/03\/486618317_1189297462989091_7218778873063647506_n-768x1155.jpg 768w, https:\/\/hckadan.cz\/wp-content\/uploads\/2025\/03\/486618317_1189297462989091_7218778873063647506_n-1022x1536.jpg 1022w, https:\/\/hckadan.cz\/wp-content\/uploads\/2025\/03\/486618317_1189297462989091_7218778873063647506_n-85x128.jpg 85w, https:\/\/hckadan.cz\/wp-content\/uploads\/2025\/03\/486618317_1189297462989091_7218778873063647506_n-21x32.jpg 21w, https:\/\/hckadan.cz\/wp-content\/uploads\/2025\/03\/486618317_1189297462989091_7218778873063647506_n.jpg 1362w\" sizes=\"auto, (max-width: 681px) 100vw, 681px\" \/><\/figure>\n\n\n\n<p>Jaro odstartovalo z\u00e1pasem mu\u017e\u016f, dal\u0161\u00ed kategorie startuj\u00ed o v\u00edkendu<img loading=\"lazy\" decoding=\"async\" height=\"16\" width=\"16\" alt=\"\ud83d\udc99\" src=\"https:\/\/static.xx.fbcdn.net\/images\/emoji.php\/v9\/t6c\/1\/16\/1f499.png\"><img loading=\"lazy\" decoding=\"async\" height=\"16\" width=\"16\" alt=\"\ud83e\udd0d\" src=\"https:\/\/static.xx.fbcdn.net\/images\/emoji.php\/v9\/tc5\/1\/16\/1f90d.png\"><img loading=\"lazy\" decoding=\"async\" height=\"16\" width=\"16\" alt=\"\ud83d\udc99\" src=\"https:\/\/static.xx.fbcdn.net\/images\/emoji.php\/v9\/t6c\/1\/16\/1f499.png\"><img loading=\"lazy\" decoding=\"async\" height=\"16\" width=\"16\" alt=\"\ud83c\udfd1\" src=\"https:\/\/static.xx.fbcdn.net\/images\/emoji.php\/v9\/td8\/1\/16\/1f3d1.png\"><\/p>\n\n\n\n<p><a><\/a>Jarn\u00ed \u010d\u00e1st venkovn\u00ed sezony odstartovala p\u0159edehr\u00e1vkou extraligov\u00e9ho z\u00e1pasu mu\u017e\u016f mezi Kadan\u00ed a Liticemi a dal\u0161\u00ed budou n\u00e1sledovat o v\u00edkendu. Co n\u00e1s na ja\u0159e \u010dek\u00e1 a na co se zam\u011b\u0159it?<\/p>\n\n\n\n<p>Mu\u017ei<\/p>\n\n\n\n<p>Po podzimu jsou kada\u0148\u0161t\u00ed mu\u017ei na chvostu tabulky a nejinak tomu je i po ned\u011bln\u00ed p\u0159edehr\u00e1vce s Liticemi. Z\u00e1pado\u010de\u0161i zv\u00edt\u011bzili bez v\u011bt\u0161\u00edch pot\u00ed\u017e\u00edch 7:0 a potvrdili svoj\u00ed dominanci. Kadani se sice poda\u0159ilo sn\u00ed\u017eit celkov\u00fd g\u00f3lov\u00fd p\u0159\u00edd\u011bl, nicm\u00e9n\u011b u\u017e v prvn\u00ed \u010dtvrtin\u011b inkasovali t\u0159ikr\u00e1t, \u010d\u00edm\u017e byl z\u00e1pas de facto rozhodnut. \u010cesk\u00fd \u0161ampion chladnokrevn\u011b zakon\u010doval trestn\u00e9 rohy a pat\u0159i\u010dn\u011b se nabudil na dal\u0161\u00ed kolo proti Slavii. Pozitiva lze naj\u00edt i na na\u0161\u00ed stran\u011b, zejm\u00e9na neboj\u00e1cn\u00fd v\u00fdkon debutanta V\u00edti Lon\u010d\u00edka.<\/p>\n\n\n\n<p>Jaro bude pro mu\u017ee kl\u00ed\u010dov\u00e9, pot\u0159ebuj\u00ed st\u00e1hnout \u010dty\u0159bodov\u00e9 manko na p\u0159edposledn\u00ed Hradec Kr\u00e1lov\u00e9, jinak je bude \u010dekat nel\u00edtostn\u00e1 bar\u00e1\u017e. Po podzimn\u00ed \u010d\u00e1sti je sice mu\u017estvo zku\u0161en\u011bj\u0161\u00ed, ale n\u011bkter\u00e9 neduhy p\u0159etrv\u00e1vaj\u00ed. V dal\u0161\u00edm kole se sv\u011b\u0159enci tren\u00e9ra Radka Podmanick\u00e9ho p\u0159edstav\u00ed na p\u016fd\u011b Rakovn\u00edka.<\/p>\n\n\n\n<p>HC Kada\u0148 \u2013 TJ Plze\u0148 Litice 0:7 (0:3, 0:2, 0:1, 0:1)<\/p>\n\n\n\n<p>G: 4x E. Gerlick\u00fd, 2x Homolka, Hes<\/p>\n\n\n\n<p>Dorostenci<\/p>\n\n\n\n<p>O v\u00edkendu hr\u00e1li i dorostenci, v r\u00e1mci p\u0159\u00edpravy nastoupili ke dv\u011bma p\u0159\u00e1telsk\u00fdm z\u00e1pas\u016fm v Litic\u00edch. Nejprve t\u011bsn\u011b podlehli mu\u017e\u016fm Bolevce, hraj\u00edc\u00ed I. ligu 0:1 a posl\u00e9ze remizovali s litick\u00fdmi dorostenci 1:1. V\u00fdkony m\u011bly vzestupnou tendenci.<\/p>\n\n\n\n<p>Kluci pot\u0159ebuj\u00ed v sout\u011b\u017ei v\u00fdrazn\u011b zabrat, proto\u017ee s posledn\u00edm m\u00edstem se po podzimn\u00ed \u010d\u00e1sti nepo\u010d\u00edtalo. Za\u010d\u00ednaj\u00ed v ned\u011bli doma od 15 hodin a op\u011bt proti Litic\u00edm.<\/p>\n\n\n\n<p>\u017deny<\/p>\n\n\n\n<p>Pokra\u010duje i I. liga \u017een, uzav\u0159ena sout\u011b\u017e ve form\u00e1tu 5+1. Kada\u0148sk\u00e9 \u017eeny proch\u00e1zej\u00ed obdob\u00edm zm\u011bn, z nich\u017e nejv\u00fdrazn\u011bj\u0161\u00ed se ud\u00e1la na tren\u00e9rsk\u00e9m postu. P\u0159\u00edpravit \u017eeny p\u0159edev\u0161\u00edm na dal\u0161\u00ed halovou sezonu bude mis\u00ed Alexandra Totha. Z\u00e1v\u011br leto\u0161n\u00ed haly vypadal v\u00edc ne\u017e slibn\u011b. \u017deny za\u010d\u00ednaj\u00ed venkovn\u00ed sout\u011b\u017e 6. dubna v Praze.<\/p>\n\n\n\n<p>Star\u0161\u00ed \u017e\u00e1ci<\/p>\n\n\n\n<p>Pouze skupinu o um\u00edst\u011bn\u00ed hraj\u00ed star\u0161\u00ed \u017e\u00e1ci a \u0161lo o velk\u00e9 zklam\u00e1n\u00ed. Bohu\u017eel s t\u00edm souvis\u00ed i dal\u0161\u00ed rozlosov\u00e1n\u00ed a kluci pojedou u\u017e tento v\u00edkend a\u017e na Slovensko k z\u00e1pasu se \u0160enkvicemi. \u00dasp\u011bchem u \u017eactva by bylo v\u00edt\u011bzstv\u00ed cel\u00e9 skupiny, ale u\u017e te\u010f ztr\u00e1cej\u00ed na President t\u0159i body.<\/p>\n\n\n\n<p>Mlad\u0161\u00ed \u017e\u00e1ci<\/p>\n\n\n\n<p>V ned\u011bli mlad\u0161\u00ed \u017e\u00e1ci zakon\u010d\u00ed z\u00e1kladn\u00ed skupinu a u\u017e je jasn\u00e9, \u017ee i v t\u00e9to kategorii budeme hr\u00e1t ve spodn\u00edch patrech. Kategorie U12 za\u017eila u\u017e na podzim velk\u00fd ot\u0159es, spousta nov\u00fdch hr\u00e1\u010d\u016f se teprve u\u010d\u00ed a z\u00e1pasy slibuj\u00ed p\u0159\u00edsun tolik pot\u0159ebn\u00fdch zku\u0161enost\u00ed.<\/p>\n\n\n\n<p>P\u0159\u00edpravka + benjam\u00ednci<\/p>\n\n\n\n<p>Zapomenout nesm\u00edme ani na nejmlad\u0161\u00ed kategorie \u2013 p\u0159\u00edpravky a benjam\u00ednk\u016f. I v tomto p\u0159\u00edpad\u011b zaji\u0161\u0165uje turnajov\u00fd form\u00e1t spoustu zaj\u00edmav\u00fdch z\u00e1pas\u016f a s t\u00edm spojen\u00e9 radosti i zklam\u00e1n\u00ed. P\u0159\u00edpravka vstupuje do jarn\u00ed \u010d\u00e1sti rovn\u011b\u017e s nov\u00fdmi tren\u00e9ry. Za\u010d\u00edn\u00e1 se 6. dubna v plze\u0148sk\u00fdch Litic\u00edch.<\/p>\n\n\n\n<p>Hostov\u00e1n\u00ed<\/p>\n\n\n\n<p>Hostov\u00e1n\u00ed se t\u00fdk\u00e1 v\u00fdhradn\u011b \u017een v nejvy\u0161\u0161\u00ed tuzemsk\u00e9 sout\u011b\u017ei. Zastoupen\u00ed m\u00e1me hned \u0161estin\u00e1sobn\u00e9! Nejpo\u010detn\u011bj\u0161\u00ed je kolonie \u017een v Hostiva\u0159i (Ane\u017eka Je\u0161inov\u00e1, Veronika Hrub\u00e1, Kate\u0159ina Bubelov\u00e1), bronzovou medaili obhajuje v dresu hradeck\u00e9 Slavie Kate\u0159ina Bu\u0148atov\u00e1 a nejmlad\u0161\u00ed z p\u011btice Lenka Le\u017ealov\u00e1 hraje za Bohemku. O svoj\u00ed \u0161anci v A-t\u00fdmu Pragy mus\u00ed zabojovat Renda Pe\u0161outov\u00e1.<\/p>\n","protected":false},"excerpt":{"rendered":"<p>Jaro odstartovalo z\u00e1pasem mu\u017e\u016f, dal\u0161\u00ed kategorie startuj\u00ed o v\u00edkendu Jarn\u00ed \u010d\u00e1st venkovn\u00ed sezony odstartovala p\u0159edehr\u00e1vkou [&hellip;]<\/p>\n","protected":false},"author":1,"featured_media":1928,"comment_status":"open","ping_status":"open","sticky":false,"template":"","format":"standard","meta":{"ngg_post_thumbnail":0,"footnotes":""},"categories":[1],"tags":[],"class_list":["post-1927","post","type-post","status-publish","format-standard","has-post-thumbnail","hentry","category-uncategorized"],"_links":{"self":[{"href":"https:\/\/hckadan.cz\/index.php\/wp-json\/wp\/v2\/posts\/1927","targetHints":{"allow":["GET"]}}],"collection":[{"href":"https:\/\/hckadan.cz\/index.php\/wp-json\/wp\/v2\/posts"}],"about":[{"href":"https:\/\/hckadan.cz\/index.php\/wp-json\/wp\/v2\/types\/post"}],"author":[{"embeddable":true,"href":"https:\/\/hckadan.cz\/index.php\/wp-json\/wp\/v2\/users\/1"}],"replies":[{"embeddable":true,"href":"https:\/\/hckadan.cz\/index.php\/wp-json\/wp\/v2\/comments?post=1927"}],"version-history":[{"count":1,"href":"https:\/\/hckadan.cz\/index.php\/wp-json\/wp\/v2\/posts\/1927\/revisions"}],"predecessor-version":[{"id":1929,"href":"https:\/\/hckadan.cz\/index.php\/wp-json\/wp\/v2\/posts\/1927\/revisions\/1929"}],"wp:featuredmedia":[{"embeddable":true,"href":"https:\/\/hckadan.cz\/index.php\/wp-json\/wp\/v2\/media\/1928"}],"wp:attachment":[{"href":"https:\/\/hckadan.cz\/index.php\/wp-json\/wp\/v2\/media?parent=1927"}],"wp:term":[{"taxonomy":"category","embeddable":true,"href":"https:\/\/hckadan.cz\/index.php\/wp-json\/wp\/v2\/categories?post=1927"},{"taxonomy":"post_tag","embeddable":true,"href":"https:\/\/hckadan.cz\/index.php\/wp-json\/wp\/v2\/tags?post=1927"}],"curies":[{"name":"wp","href":"https:\/\/api.w.org\/{rel}","templated":true}]}}