{"id":1943,"date":"2025-04-02T16:55:41","date_gmt":"2025-04-02T14:55:41","guid":{"rendered":"https:\/\/hckadan.cz\/?p=1943"},"modified":"2025-04-02T16:55:41","modified_gmt":"2025-04-02T14:55:41","slug":"dorostenci-zacali-porazkou-muzi-se-pripravovali-v-meerane","status":"publish","type":"post","link":"https:\/\/hckadan.cz\/index.php\/2025\/04\/02\/dorostenci-zacali-porazkou-muzi-se-pripravovali-v-meerane\/","title":{"rendered":"Dorostenci za\u010dali por\u00e1\u017ekou, mu\u017ei se p\u0159ipravovali v Meerane"},"content":{"rendered":"\n<figure class=\"wp-block-image size-large is-resized\"><img loading=\"lazy\" decoding=\"async\" width=\"731\" height=\"1024\" src=\"https:\/\/hckadan.cz\/wp-content\/uploads\/2025\/04\/487451253_1194344015817769_113297921987496337_n-731x1024.jpg\" alt=\"\" class=\"wp-image-1944\" style=\"width:286px;height:auto\" srcset=\"https:\/\/hckadan.cz\/wp-content\/uploads\/2025\/04\/487451253_1194344015817769_113297921987496337_n-731x1024.jpg 731w, https:\/\/hckadan.cz\/wp-content\/uploads\/2025\/04\/487451253_1194344015817769_113297921987496337_n-214x300.jpg 214w, https:\/\/hckadan.cz\/wp-content\/uploads\/2025\/04\/487451253_1194344015817769_113297921987496337_n-768x1075.jpg 768w, https:\/\/hckadan.cz\/wp-content\/uploads\/2025\/04\/487451253_1194344015817769_113297921987496337_n-1097x1536.jpg 1097w, https:\/\/hckadan.cz\/wp-content\/uploads\/2025\/04\/487451253_1194344015817769_113297921987496337_n-91x128.jpg 91w, https:\/\/hckadan.cz\/wp-content\/uploads\/2025\/04\/487451253_1194344015817769_113297921987496337_n-23x32.jpg 23w, https:\/\/hckadan.cz\/wp-content\/uploads\/2025\/04\/487451253_1194344015817769_113297921987496337_n.jpg 1115w\" sizes=\"auto, (max-width: 731px) 100vw, 731px\" \/><\/figure>\n\n\n\n<p>Por\u00e1\u017ekou 1:3 vstoupili do jarn\u00ed f\u00e1ze sezony kada\u0148\u0161t\u00ed dorostenci, kde\u017eto star\u0161\u00ed \u017eactvo ve dvojz\u00e1pase se \u0160enkvicemi neprohr\u00e1lo. Stejn\u011b tak mu\u017ei, kte\u0159\u00ed minimarat\u00f3n z\u00e1pas\u016f s n\u011bmeck\u00fdmi soupe\u0159i Chemnitzem a Tresenwalderem zvl\u00e1dli dob\u0159e. O v\u00edkendu kone\u010dn\u011b dohr\u00e1li z\u00e1kladn\u00ed skupinu i mlad\u0161\u00ed \u017e\u00e1ci a byla to nap\u00ednav\u00e1 pod\u00edvan\u00e1!<\/p>\n\n\n\n<p><strong>Mu\u017ei<\/strong><\/p>\n\n\n\n<p>Kada\u0148\u0161t\u00ed mu\u017ei p\u0159edehr\u00e1vali p\u0159ed t\u00fddnem z\u00e1pas s Liticemi a tak mohli o v\u00edkendu vyrazit do nem\u011bck\u00e9ho Meerane k s\u00e9rii p\u0159\u00edpravn\u00fdch z\u00e1pas\u016f \u2013 jejich soupe\u0159em byli Chemnitz a HC Tresenwalder, se kter\u00fdm jsme se utkali v\u016fbec poprv\u00e9. Form\u00e1t: ka\u017ed\u00fd s ka\u017ed\u00fdm 2x, v hrac\u00edm \u010dase 2x 15 minut. Na\u0161i ani jednou neprohr\u00e1li a t\u0159eba Chemnitz na p\u00e1t\u00fd pokus kone\u010dn\u011b porazili. V\u00fdkonem zaujal veter\u00e1n Zden\u011bk Kruli\u0161, jen\u017e se d\u00edky skv\u011bl\u00e9mu v\u00fdb\u011bru m\u00edsta a zku\u0161enostem trefil hned osmkr\u00e1t, co\u017e neuniklo ani pozornosti tamn\u00edm rozhod\u010d\u00edm. Jejich slova: &#8220;You&#8217;re unbelievable player&#8221;, ho jist\u011b pot\u011b\u0161ila a my douf\u00e1me, \u017ee si n\u011bjak\u00e9 g\u00f3ly schoval i na dal\u0161\u00ed kolo Extraligy proti Rakovn\u00edku.<\/p>\n\n\n\n<p><strong>Tresenwalder \u2013 Kada\u0148 1:2<\/strong><\/p>\n\n\n\n<p><strong>Chemnitz \u2013 Kada\u0148 2:2<\/strong><\/p>\n\n\n\n<p><strong>Tresenwalder \u2013 Kada\u0148 1:3<\/strong><\/p>\n\n\n\n<p><strong>Chemnitz \u2013 Kada\u0148 2:4<\/strong><\/p>\n\n\n\n<p><strong>Dorostenci<\/strong><\/p>\n\n\n\n<p>Odlepit se od posledn\u00edho m\u00edsta, to je c\u00edl dorostenc\u016f pro jarn\u00ed \u010d\u00e1st sezony. V prvn\u00edm z\u00e1pase proti Litic\u00edm se ale bodovat nepoda\u0159ilo. Technicky vyzr\u00e1lej\u0161\u00ed soupe\u0159 se brzy uklidnil rychlou brankou a je\u0161t\u011b do polo\u010dasu sk\u00f3re nav\u00fd\u0161il. Na\u0161i sice nic nevzd\u00e1vali a po kontaktn\u00edm g\u00f3lu ve stylu &#8220;fruit ninjy&#8221; Luk\u00e1\u0161e Z\u00f6rklera vyk\u0159esali nad\u011bji, ov\u0161em Litice vz\u00e1p\u011bt\u00ed dal\u0161\u00edm zaj\u00edmav\u00fdm g\u00f3lem ze vzduchu z d\u00edlny Filipa Zimla utekly op\u011bt na rozd\u00edl dvou branek a utk\u00e1n\u00ed hran\u00e9 za nep\u0159\u00edjemn\u00e9ho studen\u00e9ho v\u011btru u\u017e nic dal\u0161\u00edho nenab\u00eddlo.<\/p>\n\n\n\n<p>HC Kada\u0148 \u2013 TJ Plze\u0148 Litice 1:3 (0:1, 0:1, 1:1)<\/p>\n\n\n\n<p>G: Z\u00f6rkler \u2013 2x Hofman, Zimla<\/p>\n\n\n\n<p><strong>Star\u0161\u00ed \u017e\u00e1ci<\/strong><\/p>\n\n\n\n<p>M\u011bli odjet na Slovensko, ale z d\u016fvodu prac\u00ed na nov\u00e9m h\u0159i\u0161ti v \u0160enkvic\u00edch p\u0159ijel soupe\u0159 k n\u00e1m. Slov\u00e1ci to nem\u011bli jednoduch\u00e9, dlouh\u00e1 cesta a dva z\u00e1pasy st\u00e1ly hodn\u011b sil, ale bod si nakonec odv\u00e1\u017eej\u00ed, proto\u017ee na\u0161i p\u0159edvedli hr\u016fzn\u00fd fini\u0161 prvn\u00edho z\u00e1pasu.<\/p>\n\n\n\n<p>V z\u00e1v\u011bre\u010dn\u00e9 p\u011btiminutovce vedli 5:2, p\u0159esto nevyhr\u00e1li a dokonce mohli prohr\u00e1t, kdyby je nezachr\u00e1nila ty\u010dka. M\u00e1lo v\u00eddan\u00fd kolaps v z\u00e1v\u011bru posledn\u00ed \u010dtvrtiny \u0159\u00e1dn\u011b pocukal nervy tren\u00e9rovi B\u011b\u017eelovi, tak\u017ee vstup do druh\u00e9ho &#8220;ma\u010de&#8221; byl diametr\u00e1ln\u011b odli\u0161n\u00fd.<\/p>\n\n\n\n<p>Ov\u0161em ani tam se star\u0161\u00ed \u017e\u00e1ci nevyvarovali ob\u00e1van\u00fdm &#8220;vyp\u00edna\u010dk\u00e1m&#8221;, le\u010d utk\u00e1n\u00ed nakonec zvl\u00e1dli. St\u0159elecky \u0159\u00e1dili p\u0159edev\u0161\u00edm Martin Seidl s V\u00ed\u0165ou Lon\u010d\u00edkem.<\/p>\n\n\n\n<p>\u0160enkvice \u2013 HC Kada\u0148 5:5 (1:0, 0:2, 1:3, 3:0)<\/p>\n\n\n\n<p>G: 3x Seidl, 2x Lon\u010d\u00edk \u2013 2x Bu\u010dek, 2x Kraj\u010d\u00ed\u0159, Klamo<\/p>\n\n\n\n<p>HC Kada\u0148 \u2013 \u0160enkvice 7:4 (2:0, 3:1, 1:2, 1:1)<\/p>\n\n\n\n<p>G: 4x Lon\u010d\u00edk, 2x Seidl, N\u011bmec &#8211; 4x Bu\u010dek<\/p>\n\n\n\n<p><strong>Mlad\u0161\u00ed \u017e\u00e1ci<\/strong><\/p>\n\n\n\n<p>Teprve jaro umo\u017enilo odehr\u00e1t posledn\u00ed term\u00edn z\u00e1kladn\u00edch skupin a bohu\u017eel pro Kada\u0148 u\u017e o nic z\u00e1sadn\u00edho ne\u0161lo. Kluci si na z\u00e1v\u011br vyst\u0159ihli dva slu\u0161n\u00e9 z\u00e1pasy, z nich\u017e ten proti Presidentu nab\u00eddl plej\u00e1du \u00fato\u010dn\u00fdch akc\u00ed. Nap\u00ednav\u00e1 p\u0159est\u0159elka m\u011bla rozuzlen\u00ed a\u017e v ten \u00fapln\u011b nejkrajn\u011bj\u0161\u00ed moment \u2013 v dohr\u00e1van\u00e9m rohu. President\u0161t\u00ed ho trefili a z\u00edskali t\u0159i body.<\/p>\n\n\n\n<p>Ani druh\u00fd z\u00e1pas s Mnichovicemi nebyl \u0161patn\u00fd a i v tomto p\u0159\u00edpad\u011b kluci p\u00e1lili jednu \u0161anci za druhou. Mlad\u0161\u00ed \u017e\u00e1ci u\u017e znaj\u00ed soupe\u0159e pro skupinu o um\u00edst\u011bn\u00ed, budou jimi Slavia, Bohemians, Hostiva\u0159, Mnichovice a polsk\u00e1 Kudowa Zdr\u00f3j.<\/p>\n\n\n\n<p>HC Kada\u0148 \u2013 HC President 4:5 (2:3)<\/p>\n\n\n\n<p><strong>G:<\/strong>&nbsp;3x T. B\u011b\u017eel, Plz\u00e1k \u2013 2x Vohnick\u00fd, 2x Mou\u010dka, Semr\u00e1d<\/p>\n\n\n\n<p>TJ Mnichovice \u2013 HC Kada\u0148 5:2 (4:1)<\/p>\n\n\n\n<p><strong>G<\/strong>: 3x M\u00e1nek, Ka\u0161ka, Vedral \u2013 2x T. B\u011b\u017eel<\/p>\n\n\n\n<p><strong>Hostov\u00e1n\u00ed<\/strong><\/p>\n\n\n\n<p>Hostiva\u0159sk\u00e9 \u017eeny padly s Rakovn\u00edkem 0:2, tak\u017ee radost z v\u00edt\u011bzstv\u00ed se u tria Bubelov\u00e1 \u2013 Hrub\u00e1 &#8211; Je\u0161inov\u00e1 nekonala. Naopak d\u016fvod k radosti m\u011bla Kate\u0159ina Bu\u0148atov\u00e1, proto\u017ee loni bronzov\u00fd Hradec porazil Bohemku i v sestav\u011b s Lenkou Le\u017ealovou hladce 4:0. P\u0159ipome\u0148me, \u017ee Ka\u010dka na podzim vst\u0159elila za v\u00fdchodo\u010de\u0161ky t\u0159i g\u00f3ly! D\u016fle\u017eit\u00e9 t\u0159ii body zapsaly i plze\u0148sk\u00e9 Litice, v jejich\u017e k\u00e1dru nechyb\u00ed kada\u0148sk\u00e1 Michaela Samcov\u00e1.<\/p>\n","protected":false},"excerpt":{"rendered":"<p>Por\u00e1\u017ekou 1:3 vstoupili do jarn\u00ed f\u00e1ze sezony kada\u0148\u0161t\u00ed dorostenci, kde\u017eto star\u0161\u00ed \u017eactvo ve dvojz\u00e1pase se [&hellip;]<\/p>\n","protected":false},"author":1,"featured_media":1944,"comment_status":"open","ping_status":"open","sticky":false,"template":"","format":"standard","meta":{"ngg_post_thumbnail":0,"footnotes":""},"categories":[1],"tags":[],"class_list":["post-1943","post","type-post","status-publish","format-standard","has-post-thumbnail","hentry","category-uncategorized"],"_links":{"self":[{"href":"https:\/\/hckadan.cz\/index.php\/wp-json\/wp\/v2\/posts\/1943","targetHints":{"allow":["GET"]}}],"collection":[{"href":"https:\/\/hckadan.cz\/index.php\/wp-json\/wp\/v2\/posts"}],"about":[{"href":"https:\/\/hckadan.cz\/index.php\/wp-json\/wp\/v2\/types\/post"}],"author":[{"embeddable":true,"href":"https:\/\/hckadan.cz\/index.php\/wp-json\/wp\/v2\/users\/1"}],"replies":[{"embeddable":true,"href":"https:\/\/hckadan.cz\/index.php\/wp-json\/wp\/v2\/comments?post=1943"}],"version-history":[{"count":1,"href":"https:\/\/hckadan.cz\/index.php\/wp-json\/wp\/v2\/posts\/1943\/revisions"}],"predecessor-version":[{"id":1945,"href":"https:\/\/hckadan.cz\/index.php\/wp-json\/wp\/v2\/posts\/1943\/revisions\/1945"}],"wp:featuredmedia":[{"embeddable":true,"href":"https:\/\/hckadan.cz\/index.php\/wp-json\/wp\/v2\/media\/1944"}],"wp:attachment":[{"href":"https:\/\/hckadan.cz\/index.php\/wp-json\/wp\/v2\/media?parent=1943"}],"wp:term":[{"taxonomy":"category","embeddable":true,"href":"https:\/\/hckadan.cz\/index.php\/wp-json\/wp\/v2\/categories?post=1943"},{"taxonomy":"post_tag","embeddable":true,"href":"https:\/\/hckadan.cz\/index.php\/wp-json\/wp\/v2\/tags?post=1943"}],"curies":[{"name":"wp","href":"https:\/\/api.w.org\/{rel}","templated":true}]}}